{"id":808,"date":"2021-10-12T19:53:20","date_gmt":"2021-10-12T17:53:20","guid":{"rendered":"https:\/\/www.dentatest.com\/?p=808"},"modified":"2021-10-12T19:53:22","modified_gmt":"2021-10-12T17:53:22","slug":"test-la-medit-i700-a-t-elle-enterre-la-i500","status":"publish","type":"post","link":"https:\/\/www.dentatest.com\/index.php\/2021\/10\/12\/test-la-medit-i700-a-t-elle-enterre-la-i500\/","title":{"rendered":"[Test] La Medit i700 a-t-elle enterr\u00e9 la i500 ?"},"content":{"rendered":"\n<div class=\"wp-block-image\"><figure class=\"aligncenter size-medium\"><img loading=\"lazy\" decoding=\"async\" width=\"300\" height=\"159\" src=\"https:\/\/www.dentatest.com\/wp-content\/uploads\/2021\/10\/i700-300x159.jpg\" alt=\"\" class=\"wp-image-889\" srcset=\"https:\/\/www.dentatest.com\/wp-content\/uploads\/2021\/10\/i700-300x159.jpg 300w, https:\/\/www.dentatest.com\/wp-content\/uploads\/2021\/10\/i700-768x408.jpg 768w, https:\/\/www.dentatest.com\/wp-content\/uploads\/2021\/10\/i700-113x60.jpg 113w, https:\/\/www.dentatest.com\/wp-content\/uploads\/2021\/10\/i700.jpg 999w\" sizes=\"auto, (max-width: 300px) 100vw, 300px\" \/><figcaption><em>La Medit i700<\/em><\/figcaption><\/figure><\/div>\n\n\n\n<h2 class=\"wp-block-heading\">MEDIT &#8230; Qu\u00e9saco ???<\/h2>\n\n\n\n<p>Si vous vous \u00eates endormis depuis un moment et en particulier sur les cam\u00e9ras d&#8217;empreintes num\u00e9riques c&rsquo;est simple :<\/p>\n\n\n\n<p>Medit est l&rsquo;outsider cor\u00e9en qui s&rsquo;est introduit dans nos cabinets telle une boule de bowling dans un jeu de quilles.<\/p>\n\n\n\n<p>D&rsquo;abord pr\u00e9sent\u00e9e par beaucoup de distributeurs comme des jouets&#8230; La donne a chang\u00e9 puisqu&rsquo;\u00e9trangement, maintenant, tous veulent la distribuer ! Pour rappel, la Medit i500 a \u00e9t\u00e9 lanc\u00e9e il y a quelques ann\u00e9es pour des tarifs plus de 2 fois plus faibles que la concurrence. <\/p>\n\n\n\n<p>Pour la petite histoire, Medit est sur le march\u00e9 des empreintes num\u00e9riques depuis un bon petit moment d\u00e9j\u00e0, puisque cette soci\u00e9t\u00e9 proposait avant cela des scanners de laboratoire avec un excellent rapport qualit\u00e9\/pr\u00e9cision\/prix.<\/p>\n\n\n\n<p>Toujours \u00e0 l&rsquo;\u00e9coute des clients avec le grand patron et les d\u00e9veloppeurs sur les r\u00e9seaux, Medit a sorti (un peu \u00e0 la surprise de tout le monde, puisque rappelons le, annonc\u00e9 un 1er avril &#8230;) une \u00e9volution int\u00e9grant des corrections bas\u00e9es sur les retours des utilisateurs: la Medit i700.<\/p>\n\n\n\n<h2 class=\"wp-block-heading\">Pr\u00e9sentation <\/h2>\n\n\n\n<p>Les annonces sur les caract\u00e9ristiques et \u00e9volutions entre la medit i700 et i500 sont all\u00e9chantes !<\/p>\n\n\n\n<figure class=\"wp-block-image size-large\"><img loading=\"lazy\" decoding=\"async\" width=\"1024\" height=\"239\" src=\"https:\/\/www.dentatest.com\/wp-content\/uploads\/2021\/10\/mediti700-nouveaute-1024x239.jpg\" alt=\"\" class=\"wp-image-813\" srcset=\"https:\/\/www.dentatest.com\/wp-content\/uploads\/2021\/10\/mediti700-nouveaute-1024x239.jpg 1024w, https:\/\/www.dentatest.com\/wp-content\/uploads\/2021\/10\/mediti700-nouveaute-300x70.jpg 300w, https:\/\/www.dentatest.com\/wp-content\/uploads\/2021\/10\/mediti700-nouveaute-768x180.jpg 768w, https:\/\/www.dentatest.com\/wp-content\/uploads\/2021\/10\/mediti700-nouveaute-1536x359.jpg 1536w, https:\/\/www.dentatest.com\/wp-content\/uploads\/2021\/10\/mediti700-nouveaute-2048x479.jpg 2048w, https:\/\/www.dentatest.com\/wp-content\/uploads\/2021\/10\/mediti700-nouveaute-257x60.jpg 257w\" sizes=\"auto, (max-width: 1024px) 100vw, 1024px\" \/><figcaption><em>Les promesses de la Medit i700 par rapport \u00e0 la i500<\/em><\/figcaption><\/figure>\n\n\n\n<h2 class=\"wp-block-heading\" id=\"block-4464129c-999b-4bf3-a67d-b989233a2746\">C&rsquo;est une pub ?<\/h2>\n\n\n\n<p id=\"block-d6900aa2-a34f-40f4-8940-a32409bad094\">Non, rassurez-vous, ce test est objectif. C&rsquo;est le principe du site \ud83d\ude09 les exemplaires de ce test ont \u00e9t\u00e9 achet\u00e9s.<\/p>\n\n\n\n<p><\/p>\n\n\n\n<h2 class=\"wp-block-heading\" id=\"block-8dbba66f-ca12-4d30-981a-0e55f58ddde3\">Pourquoi avoir test\u00e9 ce produit ?<\/h2>\n\n\n\n<p id=\"block-febbec4a-5c22-4447-9a1c-bea0d1692cb8\">Comme beaucoup, je venais juste de recevoir la Medit i500 que la i700 sortait ! Oh rage oh d\u00e9sespoir ! On nous avait pourtant promis qu&rsquo;aucun nouveau mod\u00e8le ne sortirait avant de tr\u00e8s nombreux mois ! Cela a beaucoup grond\u00e9 ou peut \u00eatre \u00e9tait-ce savamment orchestr\u00e9; mais toujours est-il que Medit a propos\u00e9 aux r\u00e9cents acqu\u00e9reurs un upgrade vers la i700 (en payant \u00ab\u00a0seulement\u00a0\u00bb la diff\u00e9rence puisque la i700 a vu son prix augmenter par rapport \u00e0 la i500 d&rsquo;environ 6000\u20ac) ! <\/p>\n\n\n\n<p id=\"block-febbec4a-5c22-4447-9a1c-bea0d1692cb8\">Plusieurs praticiens se posaient la question du bien-fond\u00e9 de payer la i700 plein pot alors que de nombreuses remises avaient \u00e9t\u00e9 \u00e2prement n\u00e9goci\u00e9es pour la i500&#8230; Personnellement, j&rsquo;avais envie du nouveau mod\u00e8le donc j&rsquo;ai fonc\u00e9\u2026 On peut dire Medit a r\u00e9ussi \u00e0 provoquer avec la cam\u00e9ra num\u00e9rique le m\u00eame engouement que pour le dernier smartphone !!!<\/p>\n\n\n\n<p>C&rsquo;est donc l&rsquo;occasion de vous faire profiter d&rsquo;un avis \u00ab\u00a0\u00e9clair\u00e9\u00a0\u00bb sur l&rsquo;utilisation clinique entre ces 2 \u00e9volutions.<\/p>\n\n\n\n<p><\/p>\n\n\n\n<h2 class=\"wp-block-heading\" id=\"block-d442fdde-3f97-4964-90cc-68a56df666e3\">Et dans la vraie vie, \u00e7a donne quoi ?<\/h2>\n\n\n\n<p>Au del\u00e0 de tester les performances pures des cam\u00e9ras Medit je vais surtout parler des diff\u00e9rences apport\u00e9es.<\/p>\n\n\n\n<figure class=\"wp-block-image size-large is-resized\"><img loading=\"lazy\" decoding=\"async\" src=\"https:\/\/www.dentatest.com\/wp-content\/uploads\/2021\/10\/Comparatif-1024x801.jpg\" alt=\"\" class=\"wp-image-819\" width=\"839\" height=\"657\" srcset=\"https:\/\/www.dentatest.com\/wp-content\/uploads\/2021\/10\/Comparatif-1024x801.jpg 1024w, https:\/\/www.dentatest.com\/wp-content\/uploads\/2021\/10\/Comparatif-300x235.jpg 300w, https:\/\/www.dentatest.com\/wp-content\/uploads\/2021\/10\/Comparatif-768x601.jpg 768w, https:\/\/www.dentatest.com\/wp-content\/uploads\/2021\/10\/Comparatif-1536x1202.jpg 1536w, https:\/\/www.dentatest.com\/wp-content\/uploads\/2021\/10\/Comparatif-77x60.jpg 77w, https:\/\/www.dentatest.com\/wp-content\/uploads\/2021\/10\/Comparatif.jpg 1741w\" sizes=\"auto, (max-width: 839px) 100vw, 839px\" \/><\/figure>\n\n\n\n<p><\/p>\n\n\n\n<p>D&rsquo;ailleurs pour information, tous les distributeurs s\u00e9rieux proposent des pr\u00eats, il me parait indispensable d&rsquo;essayer avant d&rsquo;acheter.<\/p>\n\n\n\n<h2 class=\"wp-block-heading\">Connectivit\u00e9<\/h2>\n\n\n\n<p>Sur la Medit i500, le c\u00e2ble USB \u00e9tait fix\u00e9 directement sur le corps de la cam\u00e9ra. Cela est vite devenu un probl\u00e8me majeur en cas de d\u00e9t\u00e9rioration du c\u00e2ble avec retour indispensable chez un r\u00e9parateur agr\u00e9e ou \u00e0 l&rsquo;usine.<\/p>\n\n\n\n<div class=\"wp-block-cover has-background-dim\" style=\"min-height:745px;aspect-ratio:unset;\"><img loading=\"lazy\" decoding=\"async\" width=\"581\" height=\"874\" class=\"wp-block-cover__image-background wp-image-820\" alt=\"\" src=\"https:\/\/www.dentatest.com\/wp-content\/uploads\/2021\/10\/cable-mediti500.jpg\" data-object-fit=\"cover\" srcset=\"https:\/\/www.dentatest.com\/wp-content\/uploads\/2021\/10\/cable-mediti500.jpg 581w, https:\/\/www.dentatest.com\/wp-content\/uploads\/2021\/10\/cable-mediti500-199x300.jpg 199w, https:\/\/www.dentatest.com\/wp-content\/uploads\/2021\/10\/cable-mediti500-40x60.jpg 40w\" sizes=\"auto, (max-width: 581px) 100vw, 581px\" \/><div class=\"wp-block-cover__inner-container is-layout-flow wp-block-cover-is-layout-flow\">\n<p class=\"has-text-align-center has-large-font-size\">i500 : le \u00ab\u00a0fameux\u00a0\u00bb syndrome du fil qui se torsade dans le c\u00e2ble\u2026 et qui casse !<\/p>\n<\/div><\/div>\n\n\n\n<p>Sur la i700 le c\u00e2ble est donc devenu d\u00e9tachable, il est m\u00eame plut\u00f4t bien pens\u00e9 car une large partie vient s&rsquo;ench\u00e2sser dans la cam\u00e9ra pour diminuer les contraintes sur la connectique USB C.  <\/p>\n\n\n\n<div class=\"wp-block-cover has-background-dim\"><img loading=\"lazy\" decoding=\"async\" width=\"745\" height=\"753\" class=\"wp-block-cover__image-background wp-image-821\" alt=\"\" src=\"https:\/\/www.dentatest.com\/wp-content\/uploads\/2021\/10\/cable-mediti700.jpg\" data-object-fit=\"cover\" srcset=\"https:\/\/www.dentatest.com\/wp-content\/uploads\/2021\/10\/cable-mediti700.jpg 745w, https:\/\/www.dentatest.com\/wp-content\/uploads\/2021\/10\/cable-mediti700-297x300.jpg 297w, https:\/\/www.dentatest.com\/wp-content\/uploads\/2021\/10\/cable-mediti700-65x65.jpg 65w, https:\/\/www.dentatest.com\/wp-content\/uploads\/2021\/10\/cable-mediti700-59x60.jpg 59w\" sizes=\"auto, (max-width: 745px) 100vw, 745px\" \/><div class=\"wp-block-cover__inner-container is-layout-flow wp-block-cover-is-layout-flow\">\n<p><\/p>\n\n\n\n<p><\/p>\n\n\n\n<p><\/p>\n\n\n\n<p><\/p>\n\n\n\n<p><\/p>\n\n\n\n<p><\/p>\n\n\n\n<p class=\"has-text-align-center has-large-font-size\">Medit i700 : Le c\u00e2ble d\u00e9tachable de la cam\u00e9ra!<\/p>\n<\/div><\/div>\n\n\n\n<p>Donc en ce qui concerne la connectivit\u00e9, ce que je consid\u00e9rais comme un vice de conception a \u00e9t\u00e9 corrig\u00e9 ! <\/p>\n\n\n\n<p>Cerise sur le g\u00e2teau: la m\u00e9dit i700 peut \u00eatre branch\u00e9e directement en usb-c sur le PC ! Il devient donc extr\u00eamement facile de d\u00e9placer la cam\u00e9ra d&rsquo;un PC \u00e0 un autre sans devoir trimballer le bloc d&rsquo;alimentation. Toutefois, il est \u00e0 noter qu&rsquo;il faut donc un PC dot\u00e9 d&rsquo;une prise usb-c. Ce qui reste peu r\u00e9pandu. Mais ce n&rsquo;est pas tout, certains ordinateurs dot\u00e9s d&rsquo;une prise usb-c sont incapables de faire fonctionner la Medit i700 et le support ne sait pas trop pourquoi. Il se contente de r\u00e9p\u00e9ter de v\u00e9rifier que le firmware soit \u00e0 jour&#8230;<\/p>\n\n\n\n<p>=&gt; Donc 1\/0 pour la i700  pour l&rsquo;\u00e9volution de la connectivit\u00e9 ! Promesse respect\u00e9e ! ( mais toutes les 2 ont toujours un c\u00e2ble ! mais je vais y revenir \ud83d\ude09 )<\/p>\n\n\n\n<h2 class=\"wp-block-heading\">La d\u00e9sinfection par LED UV-C<\/h2>\n\n\n\n<p>La Medit i700 a maintenant un syst\u00e8me de d\u00e9sinfection automatique par UV-C&#8230; Oui, bon, pourquoi pas ! Mais \u00e0 quoi bon puisque \u00e7a ne traite pas les surfaces externes et normalement l&#8217;embout est d\u00e9j\u00e0 d\u00e9sinfect\u00e9 et st\u00e9rilis\u00e9 avant utilisation ?<\/p>\n\n\n\n<div class=\"wp-block-columns is-layout-flex wp-container-core-columns-is-layout-9d6595d7 wp-block-columns-is-layout-flex\">\n<div class=\"wp-block-column is-layout-flow wp-block-column-is-layout-flow\" style=\"flex-basis:100%\">\n<div class=\"wp-block-columns is-layout-flex wp-container-core-columns-is-layout-9d6595d7 wp-block-columns-is-layout-flex\">\n<div class=\"wp-block-column is-layout-flow wp-block-column-is-layout-flow\" style=\"flex-basis:100%\">\n<div class=\"wp-block-group\"><div class=\"wp-block-group__inner-container is-layout-flow wp-block-group-is-layout-flow\">\n<div class=\"wp-block-columns is-layout-flex wp-container-core-columns-is-layout-9d6595d7 wp-block-columns-is-layout-flex\">\n<div class=\"wp-block-column is-layout-flow wp-block-column-is-layout-flow\" style=\"flex-basis:100%\">\n<div class=\"wp-block-image is-style-rounded\"><figure class=\"aligncenter size-full is-resized\"><img loading=\"lazy\" decoding=\"async\" src=\"https:\/\/www.dentatest.com\/wp-content\/uploads\/2021\/10\/6117-FR-1024x387-1.png\" alt=\"\" class=\"wp-image-830\" width=\"526\" height=\"199\" srcset=\"https:\/\/www.dentatest.com\/wp-content\/uploads\/2021\/10\/6117-FR-1024x387-1.png 1024w, https:\/\/www.dentatest.com\/wp-content\/uploads\/2021\/10\/6117-FR-1024x387-1-300x113.png 300w, https:\/\/www.dentatest.com\/wp-content\/uploads\/2021\/10\/6117-FR-1024x387-1-768x290.png 768w, https:\/\/www.dentatest.com\/wp-content\/uploads\/2021\/10\/6117-FR-1024x387-1-159x60.png 159w\" sizes=\"auto, (max-width: 526px) 100vw, 526px\" \/><\/figure><\/div>\n<\/div>\n<\/div>\n<\/div><\/div>\n<\/div>\n<\/div>\n<\/div>\n<\/div>\n\n\n\n<p>Est ce r\u00e9ellement utile et efficace ??? J&rsquo;ai un peu cherch\u00e9 mais rien trouv\u00e9 de probant \u2026 Affaire \u00e0 suivre.<\/p>\n\n\n\n<p>=&gt; Pour moi la i500 ne perd pas de point \u00e0 ne pas disposer de cette fonctionnalit\u00e9.<\/p>\n\n\n\n<h2 class=\"wp-block-heading\">Bouton de commande \u00e0 distance<\/h2>\n\n\n\n<p>Sur la i700, le mode de contr\u00f4le \u00e0 distance vous permet de contr\u00f4ler diverses commandes. Par exemple:<\/p>\n\n\n\n<ul class=\"wp-block-list\"><li>Contr\u00f4ler l&rsquo;affichage des donn\u00e9es de num\u00e9risation tel que le panoramique, la rotation et le zoom avant \/ arri\u00e8re \/ ajustement.<\/li><li>S\u00e9lectionner les \u00e9tapes d&rsquo;analyse et passer \u00e0 l&rsquo;\u00e9tape pr\u00e9c\u00e9dente ou suivante.<\/li><li>Ouvrir les param\u00e8tres et modifier les param\u00e8tres de num\u00e9risation, de donn\u00e9es et de contr\u00f4le.<\/li><\/ul>\n\n\n\n<div class=\"wp-block-cover has-background-dim\"><img loading=\"lazy\" decoding=\"async\" width=\"856\" height=\"712\" class=\"wp-block-cover__image-background wp-image-831\" alt=\"\" src=\"https:\/\/www.dentatest.com\/wp-content\/uploads\/2021\/10\/mediti700-commande-a-distance.jpg\" data-object-fit=\"cover\" srcset=\"https:\/\/www.dentatest.com\/wp-content\/uploads\/2021\/10\/mediti700-commande-a-distance.jpg 856w, https:\/\/www.dentatest.com\/wp-content\/uploads\/2021\/10\/mediti700-commande-a-distance-300x250.jpg 300w, https:\/\/www.dentatest.com\/wp-content\/uploads\/2021\/10\/mediti700-commande-a-distance-768x639.jpg 768w, https:\/\/www.dentatest.com\/wp-content\/uploads\/2021\/10\/mediti700-commande-a-distance-72x60.jpg 72w\" sizes=\"auto, (max-width: 856px) 100vw, 856px\" \/><div class=\"wp-block-cover__inner-container is-layout-flow wp-block-cover-is-layout-flow\">\n<p class=\"has-large-font-size\">Bouton de commande \/ contr\u00f4le \u00e0 distance<\/p>\n<\/div><\/div>\n\n\n\n<p>Ce bouton part d&rsquo;un bon principe : ne pas avoir \u00e0 utiliser la souris ni toucher l&rsquo;\u00e9cran tactile. Malheureusement, sa position et sa forme ne sont pas terribles, la mise en \u0153uvre est laborieuse et lente.<\/p>\n\n\n\n<p>Bien entendu, on vous dira que c&rsquo;est effectivement \u00ab\u00a0un plus\u00a0\u00bb mais je redoute les soucis et pannes avec ce bouton qui donne une impression \u00ab\u00a0bas de gamme\u00a0\u00bb.<\/p>\n\n\n\n<p>Encore une fois, je ne consid\u00e8re pas que la i500 manquait cruellement de cette touche. Pour rappel, elle ne pouvait qu&rsquo;avancer entre les diff\u00e9rentes \u00e9tapes de scan par un appui long sur le bouton bleu.<\/p>\n\n\n\n<h2 class=\"wp-block-heading\">Les nouveaux embouts<\/h2>\n\n\n\n<ul class=\"wp-block-list\"><li>les n<strong>ouveaux embouts sont r\u00e9versibles !<\/strong><\/li><\/ul>\n\n\n\n<p>Sur la i700, les embouts sont r\u00e9versibles (cela signifie qu&rsquo;on peut les orienter vers le haut ou le bas) mais je ne vois vraiment pas l&rsquo;int\u00e9r\u00eat de cela \u00e9tant donn\u00e9 la forme de la cam\u00e9ra.<\/p>\n\n\n\n<p>Par contre, les nouveaux embouts de la i700 voient dispara\u00eetre le petit aimant des  embouts de la i500 ! Et \u00e7a, c&rsquo;est une excellente nouvelle ! Ce petit aimant avait la f\u00e2cheuse manie de tomber rendant l&#8217;embout impossible \u00e0 utiliser avec la cam\u00e9ra !<\/p>\n\n\n\n<p>=&gt; Pour ce dernier point, la i700 marque encore un point.<\/p>\n\n\n\n<div class=\"wp-block-image\"><figure class=\"aligncenter size-full\"><img loading=\"lazy\" decoding=\"async\" width=\"427\" height=\"690\" src=\"https:\/\/www.dentatest.com\/wp-content\/uploads\/2021\/10\/embout-i-500-Aimant-manquand.jpg\" alt=\"\" class=\"wp-image-858\" srcset=\"https:\/\/www.dentatest.com\/wp-content\/uploads\/2021\/10\/embout-i-500-Aimant-manquand.jpg 427w, https:\/\/www.dentatest.com\/wp-content\/uploads\/2021\/10\/embout-i-500-Aimant-manquand-186x300.jpg 186w, https:\/\/www.dentatest.com\/wp-content\/uploads\/2021\/10\/embout-i-500-Aimant-manquand-37x60.jpg 37w\" sizes=\"auto, (max-width: 427px) 100vw, 427px\" \/><figcaption><em>Un embout de la i500 devenu inutilisable apr\u00e8s la perte de son aimant<\/em><\/figcaption><\/figure><\/div>\n\n\n\n<ul class=\"wp-block-list\"><li>les n<strong>ouveaux embouts seraient plus r\u00e9sistants  !<\/strong><\/li><\/ul>\n\n\n\n<p>Medit annonce que ses nouveaux embouts pourraient \u00eatre st\u00e9rilis\u00e9s jusqu&rsquo;\u00e0 100 fois alors que pour les anciens, Medit annon\u00e7ait 50 fois\u2026 Cependant, la r\u00e9sistance globale du plastique est toujours d\u00e9cevante. La st\u00e9rilisation se fait par un cycle \u00e0 121 ou tr\u00e8s court \u00e0 134 degr\u00e9s. C&rsquo;est toujours laborieux pour les assistantes d&rsquo;avoir \u00e0 jongler sur des charges avec des temp\u00e9ratures et dur\u00e9es diff\u00e9rentes. Surtout que les erreurs sont possibles et la d\u00e9t\u00e9rioration des embouts ne permet alors plus un usage ad\u00e9quat. <\/p>\n\n\n\n<p>Les embouts restent des pi\u00e8ces certes peu ch\u00e8res par rapport \u00e0 la concurrence, mais il aurait \u00e9t\u00e9 appr\u00e9ciable d&rsquo;avoir quelque chose de plus solide. Et surtout, st\u00e9rilisable dans un cycle avec tous les autres instruments. On pourrait continuer \u00e0 r\u00eaver en souhaitant qu&rsquo;il soit possible de remplacer uniquement le miroir par un neuf et \u00e0 co\u00fbt modique !<\/p>\n\n\n\n<p>=&gt; donc on note quand m\u00eame un point d&rsquo;am\u00e9lioration pour les embouts de la i700 sur leur r\u00e9sistance mais j&rsquo;ai envie de dire \u00ab\u00a0peut mieux faire, au boulot chez Medit !\u00a0\u00bb.<\/p>\n\n\n\n<ul class=\"wp-block-list\"><li><strong>une zone de num\u00e9risation plus grande<\/strong><\/li><\/ul>\n\n\n\n<p>Bon OK, on prend bonne note, mais c&rsquo;est pas non plus \u00ab\u00a0fou fou\u00a0\u00bb avec un passage de 14x13mm \u00e0 15x13mm en ce qui concerne la zone de num\u00e9risation.<\/p>\n\n\n\n<p>=&gt; je ne me prononcerai pas sur ce point mais je ne suis pas certain que \u00e7a puisse \u00eatre \u00e0 lui seul un argument commercial pour choisir la i700 plus que la i500.<\/p>\n\n\n\n<ul class=\"wp-block-list\"><li><strong>taille des embouts<\/strong><\/li><\/ul>\n\n\n\n<div class=\"wp-block-image is-style-default\"><figure class=\"aligncenter size-full is-resized\"><img loading=\"lazy\" decoding=\"async\" src=\"https:\/\/www.dentatest.com\/wp-content\/uploads\/2021\/10\/taille-embouts.jpg\" alt=\"\" class=\"wp-image-866\" width=\"380\" height=\"556\" srcset=\"https:\/\/www.dentatest.com\/wp-content\/uploads\/2021\/10\/taille-embouts.jpg 696w, https:\/\/www.dentatest.com\/wp-content\/uploads\/2021\/10\/taille-embouts-205x300.jpg 205w, https:\/\/www.dentatest.com\/wp-content\/uploads\/2021\/10\/taille-embouts-41x60.jpg 41w\" sizes=\"auto, (max-width: 380px) 100vw, 380px\" \/><figcaption><em>Tr\u00e8s nette diminution de l&rsquo;encombrement des embouts de la i700 (\u00e0 gauche ceux de la i500 \/ \u00e0 droite ceux de la i700)<\/em><\/figcaption><\/figure><\/div>\n\n\n\n<p>=&gt; un net avantage pour la i700 concernant la taille des embouts, maintenant \u00e7a passe partout !<\/p>\n\n\n\n<ul class=\"wp-block-list\"><li><strong>angulation des miroirs<\/strong><\/li><\/ul>\n\n\n\n<p>Je pense que c&rsquo;est \u00ab\u00a0la r\u00e9volution\u00a0\u00bb entre les embouts : l&rsquo;angulation du miroir passe de 40\u00b0 \u00e0 45\u00b0 ! Je vous vois sourire sous votre masque ! Mais ce changement de 5\u00b0 fait totalement la diff\u00e9rence. Sur la i500, scanner une face distale d&rsquo;une 7 ou d&rsquo;une 8 \u00e9tait un exercice p\u00e9rilleux ! Maintenant avec ce changement d&rsquo;angle du miroir c&rsquo;est devenu bien plus facile.<\/p>\n\n\n\n<p>=&gt; la i700 remporte donc encore un point.<\/p>\n\n\n\n<h2 class=\"wp-block-heading\">Taille de la pi\u00e8ce \u00e0 main<\/h2>\n\n\n\n<p>Il est \u00e9vident que la taille et le poids des pi\u00e8ces \u00e0 mains de nos cam\u00e9ra doivent s&rsquo;oublier en usage quotidien.<\/p>\n\n\n\n<p>Ainsi le poids de la i500 passe de 276 grammes \u00e0 245 grammes pour la i700. Certes, \u00e7a parait peu mais c&rsquo;est plus de 10% de poids en moins !<\/p>\n\n\n\n<p>En plus, la forme et la longueur de la pi\u00e8ce \u00e0 main de la i700 ont encore \u00e9t\u00e9 am\u00e9lior\u00e9es pour mieux se lover au creux de votre main \ud83d\ude09 .<\/p>\n\n\n\n<div class=\"wp-block-cover has-background-dim\"><img loading=\"lazy\" decoding=\"async\" width=\"1024\" height=\"626\" class=\"wp-block-cover__image-background wp-image-864\" alt=\"\" src=\"https:\/\/www.dentatest.com\/wp-content\/uploads\/2021\/10\/taille-1-1024x626.jpg\" data-object-fit=\"cover\" srcset=\"https:\/\/www.dentatest.com\/wp-content\/uploads\/2021\/10\/taille-1-1024x626.jpg 1024w, https:\/\/www.dentatest.com\/wp-content\/uploads\/2021\/10\/taille-1-300x183.jpg 300w, https:\/\/www.dentatest.com\/wp-content\/uploads\/2021\/10\/taille-1-768x469.jpg 768w, https:\/\/www.dentatest.com\/wp-content\/uploads\/2021\/10\/taille-1-98x60.jpg 98w, https:\/\/www.dentatest.com\/wp-content\/uploads\/2021\/10\/taille-1.jpg 1144w\" sizes=\"auto, (max-width: 1024px) 100vw, 1024px\" \/><div class=\"wp-block-cover__inner-container is-layout-flow wp-block-cover-is-layout-flow\">\n<p class=\"has-text-align-center has-large-font-size\">La i700 est plus courte et moins \u00e9paisse : la modification d&rsquo;encombrement est tr\u00e8s perceptible dans la prise en main<\/p>\n<\/div><\/div>\n\n\n\n<figure class=\"wp-block-image size-large\"><img loading=\"lazy\" decoding=\"async\" width=\"1024\" height=\"552\" src=\"https:\/\/www.dentatest.com\/wp-content\/uploads\/2021\/10\/comparatif--1024x552.jpg\" alt=\"\" class=\"wp-image-865\" srcset=\"https:\/\/www.dentatest.com\/wp-content\/uploads\/2021\/10\/comparatif--1024x552.jpg 1024w, https:\/\/www.dentatest.com\/wp-content\/uploads\/2021\/10\/comparatif--300x162.jpg 300w, https:\/\/www.dentatest.com\/wp-content\/uploads\/2021\/10\/comparatif--768x414.jpg 768w, https:\/\/www.dentatest.com\/wp-content\/uploads\/2021\/10\/comparatif--111x60.jpg 111w, https:\/\/www.dentatest.com\/wp-content\/uploads\/2021\/10\/comparatif-.jpg 1155w\" sizes=\"auto, (max-width: 1024px) 100vw, 1024px\" \/><figcaption><em>Quelques cam\u00e9ras actuellement distribu\u00e9es (source medit-i700.fr)<\/em><\/figcaption><\/figure>\n\n\n\n<p>=&gt; La i500 n&rsquo;\u00e9tait d\u00e9j\u00e0 pas \u00e9norme mais la i700 fait encore mieux. Donc, bien \u00e9videmment, la i700 gagne le match du poids et de la taille face \u00e0 la i500 ! <\/p>\n\n\n\n<h2 class=\"wp-block-heading\" id=\"block-8fa92675-ed99-4f82-93ad-c0da68e9c13d\">Pr\u00e9cision<\/h2>\n\n\n\n<p>On nous annonce une pr\u00e9cision de moins de&nbsp;11 \u00b5m&nbsp;pour l\u2019arcade compl\u00e8te avec la i700 \u00e0 comparer aux 21 \u00b5m&nbsp;pour l\u2019arcade compl\u00e8te avec la i500 &#8230; <\/p>\n\n\n\n<p>=&gt; Extr\u00eamement attrayant sur la brochure publicitaire mais je suis pas certain que l&rsquo;impact clinique soit r\u00e9ellement perceptible&#8230; les d\u00e9fauts de pr\u00e9cision \u00e9tant plut\u00f4t li\u00e9s \u00e0 des erreurs de m\u00e9thodologie d&rsquo;acquisition et la fonction de \u00ab\u00a0couture intelligente\u00a0\u00bb qui provoque plus de d\u00e9fauts que ce qu&rsquo;elle n&rsquo;apporte r\u00e9ellement comme confort.<\/p>\n\n\n\n<h2 class=\"wp-block-heading\">Vitesse d&rsquo;acquisition<\/h2>\n\n\n\n<p>La i700 est annonc\u00e9e comme 2 fois plus rapide que la i700 avec jusqu&rsquo;\u00e0 70 images par seconde contre 30 images par seconde.<\/p>\n\n\n\n<p>La promesse commerciale est une acquisition parfaite des 2 arcades et de l&rsquo;occlusion en 3 minutes\u2026<\/p>\n\n\n\n<p>En pratique, nous retiendrons la perception d&rsquo;une cam\u00e9ra qui \u00ab\u00a0d\u00e9croche un peu moins\u00a0\u00bb mais surtout qui est beaucoup plus rapide. Elle est nettement plus agr\u00e9able \u00e0 utiliser. Pour ceux qui trouvaient d\u00e9j\u00e0 la i500 rapide, vous serez impressionn\u00e9s par la vitesse d&rsquo;acquisition de la i700. Selon moi, c&rsquo;est le principal argument pour upgrade. On n&rsquo;ira pas jusqu&rsquo;\u00e0 une vitesse doubl\u00e9e comme annonc\u00e9e par Medit, mais il est clair qu&rsquo;elle est nettement sup\u00e9rieure.<\/p>\n\n\n\n<p>Par contre, il est \u00e9vident que comme le flux d&rsquo;image est plus important, le post traitement est aussi beaucoup plus long. Et ce point n&rsquo;\u00e9tait d\u00e9j\u00e0 pas le point fort de la i500. Autrement dit, cela a empir\u00e9.<\/p>\n\n\n\n<p>(Attention, toutes les cam\u00e9ras optiques sont \u00e0 utiliser avec le meilleur processeur possible, et si possible, avec un PC fixe, non portable)<\/p>\n\n\n\n<p><\/p>\n\n\n\n<h2 class=\"wp-block-heading\">Tarif<\/h2>\n\n\n\n<p>La i500 est annonc\u00e9e autour de 19000\u20ac TTC avec un ordinateur, dans les 15000\u20ac sans ordinateur si vous n\u00e9gociez bien.<\/p>\n\n\n\n<p>La i700, quant \u00e0 elle, est \u00e0 21500\u20ac TTC mais <strong>SANS ordinateur<\/strong>. Une belle petite hausse.<\/p>\n\n\n\n<h2 class=\"wp-block-heading\" id=\"block-5fcee13b-0f65-4d2a-bf7c-59cd034063f8\">Et si c&rsquo;\u00e9tait \u00e0 refaire ?<\/h2>\n\n\n\n<p>Le gain de confort en particulier avec la taille des embouts, l&rsquo;angulation du miroir, la vitesse de scan est vraiment tr\u00e8s appr\u00e9ciable.<\/p>\n\n\n\n<p>Cependant avec les offres que l&rsquo;on voit fleurir sur les i500 et encore plus sur des i500 d&rsquo;occasion autour de 10 000\u20ac, je ne suis pas convaincu que payer le double pour une i700 soit \u00e9conomiquement parlant un excellent choix. La i700 est vraiment une excellente cam\u00e9ra, mais la i500 \u00e9tait d\u00e9j\u00e0 tr\u00e8s bonne&#8230;<\/p>\n\n\n\n<p>La i700 dispose d&rsquo;une connexion filaire &#8230; une nouvelle version (i900?) sans fil est dans les cartons (peut-\u00eatre dans la hotte du p\u00e8re No\u00ebl). <\/p>\n\n\n\n<h2 class=\"wp-block-heading\" id=\"block-56372f40-51f3-48bc-9405-efe4d9a1fed1\">Conclusion<\/h2>\n\n\n\n<p>La soci\u00e9t\u00e9 Medit a prouv\u00e9 qu&rsquo;elle savait prendre en consid\u00e9ration les remont\u00e9es de ses utilisateurs. Malgr\u00e9 tout, la hausse de tarif ne me semble pas r\u00e9ellement justifi\u00e9e. Il aurait \u00e9t\u00e9 int\u00e9ressant de rester sur le m\u00eame tarif d&rsquo;autant que le co\u00fbt de fabrication ne doit pas avoir explos\u00e9 entre une i500 et une i700. <\/p>\n\n\n\n<p>En ce qui concerne le logiciel, il \u00e9volue tr\u00e8s r\u00e9guli\u00e8rement. Il propose d&rsquo;innombrables fonctionnalit\u00e9s appr\u00e9ci\u00e9es des plus \u00ab\u00a0geeks\u00a0\u00bb d&rsquo;entre nous. Cependant l&rsquo;exp\u00e9rience utilisateur s&rsquo;av\u00e8re moins agr\u00e9able qu&rsquo;avec les logiciels concurrents.<\/p>\n\n\n\n<p>Et pour tout de m\u00eame r\u00e9pondre \u00e0 la question du d\u00e9but, oui, la i700 enterre la i500. Elle est tellement plus agr\u00e9able \u00e0 utiliser\u2026 Cependant, vu le prix auquel on peut maintenant toucher une i500, si vous avez un budget serr\u00e9, elle reste un tr\u00e8s bon choix. Pour donner un exemple, si vous bossez dans un cabinet de 2 praticiens, prendre deux i500 reste un choix plus intelligent, plus pratique et surtout, moins on\u00e9reux qu&rsquo;une seule i700.<\/p>\n\n\n\n<p>Effet collat\u00e9ral : Medit semble avoir forc\u00e9 les concurrents, dont les danois de 3 shape, \u00e0 diminuer leur marge. Ainsi, le syst\u00e8me d&rsquo;abonnement par licence semble avoir disparu.<\/p>\n","protected":false},"excerpt":{"rendered":"<p>MEDIT &#8230; Qu\u00e9saco ??? Si vous vous \u00eates endormis depuis un moment et en particulier sur les cam\u00e9ras d&#8217;empreintes num\u00e9riques c&rsquo;est simple : Medit est &hellip; <\/p>\n","protected":false},"author":6,"featured_media":889,"comment_status":"open","ping_status":"open","sticky":false,"template":"","format":"standard","meta":{"footnotes":""},"categories":[13],"tags":[],"class_list":["post-808","post","type-post","status-publish","format-standard","has-post-thumbnail","hentry","category-camera-optique"],"yoast_head":"<!-- This site is optimized with the Yoast SEO plugin v27.5 - https:\/\/yoast.com\/product\/yoast-seo-wordpress\/ -->\n<title>[Test] La Medit i700 a-t-elle enterr\u00e9 la i500 ?<\/title>\n<meta name=\"description\" content=\"Faut-il craquer pour la i700 alors que les tarifs de la i500 sont en chute libre ? Nous avons test\u00e9 les 2 cam\u00e9ras pour vous r\u00e9pondre.\" \/>\n<meta name=\"robots\" content=\"index, follow, max-snippet:-1, max-image-preview:large, max-video-preview:-1\" \/>\n<link rel=\"canonical\" href=\"https:\/\/www.dentatest.com\/index.php\/2021\/10\/12\/test-la-medit-i700-a-t-elle-enterre-la-i500\/\" \/>\n<meta property=\"og:locale\" content=\"fr_FR\" \/>\n<meta property=\"og:type\" content=\"article\" \/>\n<meta property=\"og:title\" content=\"faut il abandonner la i500 pour la i700 ?\" \/>\n<meta property=\"og:description\" content=\"Faut-il craquer pour la i700 alors que les tarifs de la i500 sont en chute libre ? Nous avons test\u00e9 les 2 cam\u00e9ras pour vous r\u00e9pondre.\" \/>\n<meta property=\"og:url\" content=\"https:\/\/www.dentatest.com\/index.php\/2021\/10\/12\/test-la-medit-i700-a-t-elle-enterre-la-i500\/\" \/>\n<meta property=\"og:site_name\" content=\"DentaTest\" \/>\n<meta property=\"article:published_time\" content=\"2021-10-12T17:53:20+00:00\" \/>\n<meta property=\"article:modified_time\" content=\"2021-10-12T17:53:22+00:00\" \/>\n<meta property=\"og:image\" content=\"https:\/\/www.dentatest.com\/wp-content\/uploads\/2021\/10\/taille-1.jpg\" \/>\n\t<meta property=\"og:image:width\" content=\"1144\" \/>\n\t<meta property=\"og:image:height\" content=\"699\" \/>\n\t<meta property=\"og:image:type\" content=\"image\/jpeg\" \/>\n<meta name=\"author\" content=\"Apolline\" \/>\n<meta name=\"twitter:card\" content=\"summary_large_image\" \/>\n<meta name=\"twitter:label1\" content=\"\u00c9crit par\" \/>\n\t<meta name=\"twitter:data1\" content=\"Apolline\" \/>\n\t<meta name=\"twitter:label2\" content=\"Dur\u00e9e de lecture estim\u00e9e\" \/>\n\t<meta name=\"twitter:data2\" content=\"12 minutes\" \/>\n<script type=\"application\/ld+json\" class=\"yoast-schema-graph\">{\"@context\":\"https:\\\/\\\/schema.org\",\"@graph\":[{\"@type\":\"Article\",\"@id\":\"https:\\\/\\\/www.dentatest.com\\\/index.php\\\/2021\\\/10\\\/12\\\/test-la-medit-i700-a-t-elle-enterre-la-i500\\\/#article\",\"isPartOf\":{\"@id\":\"https:\\\/\\\/www.dentatest.com\\\/index.php\\\/2021\\\/10\\\/12\\\/test-la-medit-i700-a-t-elle-enterre-la-i500\\\/\"},\"author\":{\"name\":\"Apolline\",\"@id\":\"https:\\\/\\\/www.dentatest.com\\\/#\\\/schema\\\/person\\\/cae9b2b70c041c5b02684ab52f16267c\"},\"headline\":\"[Test] La Medit i700 a-t-elle enterr\u00e9 la i500 ?\",\"datePublished\":\"2021-10-12T17:53:20+00:00\",\"dateModified\":\"2021-10-12T17:53:22+00:00\",\"mainEntityOfPage\":{\"@id\":\"https:\\\/\\\/www.dentatest.com\\\/index.php\\\/2021\\\/10\\\/12\\\/test-la-medit-i700-a-t-elle-enterre-la-i500\\\/\"},\"wordCount\":2233,\"commentCount\":0,\"publisher\":{\"@id\":\"https:\\\/\\\/www.dentatest.com\\\/#organization\"},\"image\":{\"@id\":\"https:\\\/\\\/www.dentatest.com\\\/index.php\\\/2021\\\/10\\\/12\\\/test-la-medit-i700-a-t-elle-enterre-la-i500\\\/#primaryimage\"},\"thumbnailUrl\":\"https:\\\/\\\/www.dentatest.com\\\/wp-content\\\/uploads\\\/2021\\\/10\\\/i700.jpg\",\"articleSection\":[\"Cam\u00e9ra optique\"],\"inLanguage\":\"fr-FR\",\"potentialAction\":[{\"@type\":\"CommentAction\",\"name\":\"Comment\",\"target\":[\"https:\\\/\\\/www.dentatest.com\\\/index.php\\\/2021\\\/10\\\/12\\\/test-la-medit-i700-a-t-elle-enterre-la-i500\\\/#respond\"]}]},{\"@type\":\"WebPage\",\"@id\":\"https:\\\/\\\/www.dentatest.com\\\/index.php\\\/2021\\\/10\\\/12\\\/test-la-medit-i700-a-t-elle-enterre-la-i500\\\/\",\"url\":\"https:\\\/\\\/www.dentatest.com\\\/index.php\\\/2021\\\/10\\\/12\\\/test-la-medit-i700-a-t-elle-enterre-la-i500\\\/\",\"name\":\"[Test] La Medit i700 a-t-elle enterr\u00e9 la i500 ?\",\"isPartOf\":{\"@id\":\"https:\\\/\\\/www.dentatest.com\\\/#website\"},\"primaryImageOfPage\":{\"@id\":\"https:\\\/\\\/www.dentatest.com\\\/index.php\\\/2021\\\/10\\\/12\\\/test-la-medit-i700-a-t-elle-enterre-la-i500\\\/#primaryimage\"},\"image\":{\"@id\":\"https:\\\/\\\/www.dentatest.com\\\/index.php\\\/2021\\\/10\\\/12\\\/test-la-medit-i700-a-t-elle-enterre-la-i500\\\/#primaryimage\"},\"thumbnailUrl\":\"https:\\\/\\\/www.dentatest.com\\\/wp-content\\\/uploads\\\/2021\\\/10\\\/i700.jpg\",\"datePublished\":\"2021-10-12T17:53:20+00:00\",\"dateModified\":\"2021-10-12T17:53:22+00:00\",\"description\":\"Faut-il craquer pour la i700 alors que les tarifs de la i500 sont en chute libre ? Nous avons test\u00e9 les 2 cam\u00e9ras pour vous r\u00e9pondre.\",\"breadcrumb\":{\"@id\":\"https:\\\/\\\/www.dentatest.com\\\/index.php\\\/2021\\\/10\\\/12\\\/test-la-medit-i700-a-t-elle-enterre-la-i500\\\/#breadcrumb\"},\"inLanguage\":\"fr-FR\",\"potentialAction\":[{\"@type\":\"ReadAction\",\"target\":[\"https:\\\/\\\/www.dentatest.com\\\/index.php\\\/2021\\\/10\\\/12\\\/test-la-medit-i700-a-t-elle-enterre-la-i500\\\/\"]}]},{\"@type\":\"ImageObject\",\"inLanguage\":\"fr-FR\",\"@id\":\"https:\\\/\\\/www.dentatest.com\\\/index.php\\\/2021\\\/10\\\/12\\\/test-la-medit-i700-a-t-elle-enterre-la-i500\\\/#primaryimage\",\"url\":\"https:\\\/\\\/www.dentatest.com\\\/wp-content\\\/uploads\\\/2021\\\/10\\\/i700.jpg\",\"contentUrl\":\"https:\\\/\\\/www.dentatest.com\\\/wp-content\\\/uploads\\\/2021\\\/10\\\/i700.jpg\",\"width\":999,\"height\":531},{\"@type\":\"BreadcrumbList\",\"@id\":\"https:\\\/\\\/www.dentatest.com\\\/index.php\\\/2021\\\/10\\\/12\\\/test-la-medit-i700-a-t-elle-enterre-la-i500\\\/#breadcrumb\",\"itemListElement\":[{\"@type\":\"ListItem\",\"position\":1,\"name\":\"Accueil\",\"item\":\"https:\\\/\\\/www.dentatest.com\\\/\"},{\"@type\":\"ListItem\",\"position\":2,\"name\":\"[Test] La Medit i700 a-t-elle enterr\u00e9 la i500 ?\"}]},{\"@type\":\"WebSite\",\"@id\":\"https:\\\/\\\/www.dentatest.com\\\/#website\",\"url\":\"https:\\\/\\\/www.dentatest.com\\\/\",\"name\":\"DentaTest\",\"description\":\"Vous pouvez nous faire confiance\",\"publisher\":{\"@id\":\"https:\\\/\\\/www.dentatest.com\\\/#organization\"},\"potentialAction\":[{\"@type\":\"SearchAction\",\"target\":{\"@type\":\"EntryPoint\",\"urlTemplate\":\"https:\\\/\\\/www.dentatest.com\\\/?s={search_term_string}\"},\"query-input\":{\"@type\":\"PropertyValueSpecification\",\"valueRequired\":true,\"valueName\":\"search_term_string\"}}],\"inLanguage\":\"fr-FR\"},{\"@type\":\"Organization\",\"@id\":\"https:\\\/\\\/www.dentatest.com\\\/#organization\",\"name\":\"DentaTest\",\"url\":\"https:\\\/\\\/www.dentatest.com\\\/\",\"logo\":{\"@type\":\"ImageObject\",\"inLanguage\":\"fr-FR\",\"@id\":\"https:\\\/\\\/www.dentatest.com\\\/#\\\/schema\\\/logo\\\/image\\\/\",\"url\":\"https:\\\/\\\/www.dentatest.com\\\/wp-content\\\/uploads\\\/2021\\\/06\\\/cropped-dentatest-2.png\",\"contentUrl\":\"https:\\\/\\\/www.dentatest.com\\\/wp-content\\\/uploads\\\/2021\\\/06\\\/cropped-dentatest-2.png\",\"width\":1156,\"height\":252,\"caption\":\"DentaTest\"},\"image\":{\"@id\":\"https:\\\/\\\/www.dentatest.com\\\/#\\\/schema\\\/logo\\\/image\\\/\"}},{\"@type\":\"Person\",\"@id\":\"https:\\\/\\\/www.dentatest.com\\\/#\\\/schema\\\/person\\\/cae9b2b70c041c5b02684ab52f16267c\",\"name\":\"Apolline\",\"image\":{\"@type\":\"ImageObject\",\"inLanguage\":\"fr-FR\",\"@id\":\"https:\\\/\\\/secure.gravatar.com\\\/avatar\\\/5e3c08d01fedbf6c7ba7630c23368e0c87edbe9508a6c44ac532f0c979cc64c4?s=96&d=mm&r=g\",\"url\":\"https:\\\/\\\/secure.gravatar.com\\\/avatar\\\/5e3c08d01fedbf6c7ba7630c23368e0c87edbe9508a6c44ac532f0c979cc64c4?s=96&d=mm&r=g\",\"contentUrl\":\"https:\\\/\\\/secure.gravatar.com\\\/avatar\\\/5e3c08d01fedbf6c7ba7630c23368e0c87edbe9508a6c44ac532f0c979cc64c4?s=96&d=mm&r=g\",\"caption\":\"Apolline\"},\"url\":\"https:\\\/\\\/www.dentatest.com\\\/index.php\\\/author\\\/francois\\\/\"}]}<\/script>\n<!-- \/ Yoast SEO plugin. -->","yoast_head_json":{"title":"[Test] La Medit i700 a-t-elle enterr\u00e9 la i500 ?","description":"Faut-il craquer pour la i700 alors que les tarifs de la i500 sont en chute libre ? Nous avons test\u00e9 les 2 cam\u00e9ras pour vous r\u00e9pondre.","robots":{"index":"index","follow":"follow","max-snippet":"max-snippet:-1","max-image-preview":"max-image-preview:large","max-video-preview":"max-video-preview:-1"},"canonical":"https:\/\/www.dentatest.com\/index.php\/2021\/10\/12\/test-la-medit-i700-a-t-elle-enterre-la-i500\/","og_locale":"fr_FR","og_type":"article","og_title":"faut il abandonner la i500 pour la i700 ?","og_description":"Faut-il craquer pour la i700 alors que les tarifs de la i500 sont en chute libre ? Nous avons test\u00e9 les 2 cam\u00e9ras pour vous r\u00e9pondre.","og_url":"https:\/\/www.dentatest.com\/index.php\/2021\/10\/12\/test-la-medit-i700-a-t-elle-enterre-la-i500\/","og_site_name":"DentaTest","article_published_time":"2021-10-12T17:53:20+00:00","article_modified_time":"2021-10-12T17:53:22+00:00","og_image":[{"width":1144,"height":699,"url":"https:\/\/www.dentatest.com\/wp-content\/uploads\/2021\/10\/taille-1.jpg","type":"image\/jpeg"}],"author":"Apolline","twitter_card":"summary_large_image","twitter_misc":{"\u00c9crit par":"Apolline","Dur\u00e9e de lecture estim\u00e9e":"12 minutes"},"schema":{"@context":"https:\/\/schema.org","@graph":[{"@type":"Article","@id":"https:\/\/www.dentatest.com\/index.php\/2021\/10\/12\/test-la-medit-i700-a-t-elle-enterre-la-i500\/#article","isPartOf":{"@id":"https:\/\/www.dentatest.com\/index.php\/2021\/10\/12\/test-la-medit-i700-a-t-elle-enterre-la-i500\/"},"author":{"name":"Apolline","@id":"https:\/\/www.dentatest.com\/#\/schema\/person\/cae9b2b70c041c5b02684ab52f16267c"},"headline":"[Test] La Medit i700 a-t-elle enterr\u00e9 la i500 ?","datePublished":"2021-10-12T17:53:20+00:00","dateModified":"2021-10-12T17:53:22+00:00","mainEntityOfPage":{"@id":"https:\/\/www.dentatest.com\/index.php\/2021\/10\/12\/test-la-medit-i700-a-t-elle-enterre-la-i500\/"},"wordCount":2233,"commentCount":0,"publisher":{"@id":"https:\/\/www.dentatest.com\/#organization"},"image":{"@id":"https:\/\/www.dentatest.com\/index.php\/2021\/10\/12\/test-la-medit-i700-a-t-elle-enterre-la-i500\/#primaryimage"},"thumbnailUrl":"https:\/\/www.dentatest.com\/wp-content\/uploads\/2021\/10\/i700.jpg","articleSection":["Cam\u00e9ra optique"],"inLanguage":"fr-FR","potentialAction":[{"@type":"CommentAction","name":"Comment","target":["https:\/\/www.dentatest.com\/index.php\/2021\/10\/12\/test-la-medit-i700-a-t-elle-enterre-la-i500\/#respond"]}]},{"@type":"WebPage","@id":"https:\/\/www.dentatest.com\/index.php\/2021\/10\/12\/test-la-medit-i700-a-t-elle-enterre-la-i500\/","url":"https:\/\/www.dentatest.com\/index.php\/2021\/10\/12\/test-la-medit-i700-a-t-elle-enterre-la-i500\/","name":"[Test] La Medit i700 a-t-elle enterr\u00e9 la i500 ?","isPartOf":{"@id":"https:\/\/www.dentatest.com\/#website"},"primaryImageOfPage":{"@id":"https:\/\/www.dentatest.com\/index.php\/2021\/10\/12\/test-la-medit-i700-a-t-elle-enterre-la-i500\/#primaryimage"},"image":{"@id":"https:\/\/www.dentatest.com\/index.php\/2021\/10\/12\/test-la-medit-i700-a-t-elle-enterre-la-i500\/#primaryimage"},"thumbnailUrl":"https:\/\/www.dentatest.com\/wp-content\/uploads\/2021\/10\/i700.jpg","datePublished":"2021-10-12T17:53:20+00:00","dateModified":"2021-10-12T17:53:22+00:00","description":"Faut-il craquer pour la i700 alors que les tarifs de la i500 sont en chute libre ? Nous avons test\u00e9 les 2 cam\u00e9ras pour vous r\u00e9pondre.","breadcrumb":{"@id":"https:\/\/www.dentatest.com\/index.php\/2021\/10\/12\/test-la-medit-i700-a-t-elle-enterre-la-i500\/#breadcrumb"},"inLanguage":"fr-FR","potentialAction":[{"@type":"ReadAction","target":["https:\/\/www.dentatest.com\/index.php\/2021\/10\/12\/test-la-medit-i700-a-t-elle-enterre-la-i500\/"]}]},{"@type":"ImageObject","inLanguage":"fr-FR","@id":"https:\/\/www.dentatest.com\/index.php\/2021\/10\/12\/test-la-medit-i700-a-t-elle-enterre-la-i500\/#primaryimage","url":"https:\/\/www.dentatest.com\/wp-content\/uploads\/2021\/10\/i700.jpg","contentUrl":"https:\/\/www.dentatest.com\/wp-content\/uploads\/2021\/10\/i700.jpg","width":999,"height":531},{"@type":"BreadcrumbList","@id":"https:\/\/www.dentatest.com\/index.php\/2021\/10\/12\/test-la-medit-i700-a-t-elle-enterre-la-i500\/#breadcrumb","itemListElement":[{"@type":"ListItem","position":1,"name":"Accueil","item":"https:\/\/www.dentatest.com\/"},{"@type":"ListItem","position":2,"name":"[Test] La Medit i700 a-t-elle enterr\u00e9 la i500 ?"}]},{"@type":"WebSite","@id":"https:\/\/www.dentatest.com\/#website","url":"https:\/\/www.dentatest.com\/","name":"DentaTest","description":"Vous pouvez nous faire confiance","publisher":{"@id":"https:\/\/www.dentatest.com\/#organization"},"potentialAction":[{"@type":"SearchAction","target":{"@type":"EntryPoint","urlTemplate":"https:\/\/www.dentatest.com\/?s={search_term_string}"},"query-input":{"@type":"PropertyValueSpecification","valueRequired":true,"valueName":"search_term_string"}}],"inLanguage":"fr-FR"},{"@type":"Organization","@id":"https:\/\/www.dentatest.com\/#organization","name":"DentaTest","url":"https:\/\/www.dentatest.com\/","logo":{"@type":"ImageObject","inLanguage":"fr-FR","@id":"https:\/\/www.dentatest.com\/#\/schema\/logo\/image\/","url":"https:\/\/www.dentatest.com\/wp-content\/uploads\/2021\/06\/cropped-dentatest-2.png","contentUrl":"https:\/\/www.dentatest.com\/wp-content\/uploads\/2021\/06\/cropped-dentatest-2.png","width":1156,"height":252,"caption":"DentaTest"},"image":{"@id":"https:\/\/www.dentatest.com\/#\/schema\/logo\/image\/"}},{"@type":"Person","@id":"https:\/\/www.dentatest.com\/#\/schema\/person\/cae9b2b70c041c5b02684ab52f16267c","name":"Apolline","image":{"@type":"ImageObject","inLanguage":"fr-FR","@id":"https:\/\/secure.gravatar.com\/avatar\/5e3c08d01fedbf6c7ba7630c23368e0c87edbe9508a6c44ac532f0c979cc64c4?s=96&d=mm&r=g","url":"https:\/\/secure.gravatar.com\/avatar\/5e3c08d01fedbf6c7ba7630c23368e0c87edbe9508a6c44ac532f0c979cc64c4?s=96&d=mm&r=g","contentUrl":"https:\/\/secure.gravatar.com\/avatar\/5e3c08d01fedbf6c7ba7630c23368e0c87edbe9508a6c44ac532f0c979cc64c4?s=96&d=mm&r=g","caption":"Apolline"},"url":"https:\/\/www.dentatest.com\/index.php\/author\/francois\/"}]}},"_links":{"self":[{"href":"https:\/\/www.dentatest.com\/index.php\/wp-json\/wp\/v2\/posts\/808","targetHints":{"allow":["GET"]}}],"collection":[{"href":"https:\/\/www.dentatest.com\/index.php\/wp-json\/wp\/v2\/posts"}],"about":[{"href":"https:\/\/www.dentatest.com\/index.php\/wp-json\/wp\/v2\/types\/post"}],"author":[{"embeddable":true,"href":"https:\/\/www.dentatest.com\/index.php\/wp-json\/wp\/v2\/users\/6"}],"replies":[{"embeddable":true,"href":"https:\/\/www.dentatest.com\/index.php\/wp-json\/wp\/v2\/comments?post=808"}],"version-history":[{"count":37,"href":"https:\/\/www.dentatest.com\/index.php\/wp-json\/wp\/v2\/posts\/808\/revisions"}],"predecessor-version":[{"id":914,"href":"https:\/\/www.dentatest.com\/index.php\/wp-json\/wp\/v2\/posts\/808\/revisions\/914"}],"wp:featuredmedia":[{"embeddable":true,"href":"https:\/\/www.dentatest.com\/index.php\/wp-json\/wp\/v2\/media\/889"}],"wp:attachment":[{"href":"https:\/\/www.dentatest.com\/index.php\/wp-json\/wp\/v2\/media?parent=808"}],"wp:term":[{"taxonomy":"category","embeddable":true,"href":"https:\/\/www.dentatest.com\/index.php\/wp-json\/wp\/v2\/categories?post=808"},{"taxonomy":"post_tag","embeddable":true,"href":"https:\/\/www.dentatest.com\/index.php\/wp-json\/wp\/v2\/tags?post=808"}],"curies":[{"name":"wp","href":"https:\/\/api.w.org\/{rel}","templated":true}]}}